{"id":7680,"date":"2024-05-17T15:02:25","date_gmt":"2024-05-17T13:02:25","guid":{"rendered":"https:\/\/iicbelgrado.esteri.it\/?p=7680"},"modified":"2024-07-10T15:39:12","modified_gmt":"2024-07-10T13:39:12","slug":"stipendije-vlade-italije-za-strane-drzavljane-i-italijane-sa-stalnim-boravkom-u-inostranstvu","status":"publish","type":"post","link":"https:\/\/iicbelgrado.esteri.it\/sr\/news\/dall_istituto\/2024\/05\/stipendije-vlade-italije-za-strane-drzavljane-i-italijane-sa-stalnim-boravkom-u-inostranstvu\/","title":{"rendered":"Stipendije Vlade Italije za strane dr\u017eavljane i Italijane sa stalnim boravkom u inostranstvu"},"content":{"rendered":"<p><strong>Ministarstvo spoljnih poslova i me\u0111unarodne saradnje Republike Italije (MAECI) nudi stipendije stranim studentima i italijanskim dr\u017eavljanima sa stalnim boravkom u inostranstvu (IRE) za akademsku 2024-2025. godinu<\/strong>, u cilju unapre\u0111enja kulturne, nau\u010dne i tehnolo\u0161ke saradnje i predstavljanja ekonomskog sistema Italije u svetu, kao i\u00a0 promovisanja u\u010denja italijanskog jezika i kulture (u skladu sa Zakonom 288\/55 i naknadnim izmenama i dopunama).<\/p>\n<p>Stipendija se mo\u017ee koristiti za poha\u0111anje studijskih programa isklju\u010divo na teritoriji Italije.<\/p>\n<p>Kandidati se mogu prijaviti isklju\u010divo putem portala <a href=\"https:\/\/studyinitaly.esteri.it\/\"><strong>\u201cStudy in Italy\u201d<\/strong><\/a><\/p>\n<p><strong>Online kandidature moraju sti\u0107i najkasnije do 14.00 sati (po italijanskom vremenu), 14. juna 2024. godine.<\/strong><\/p>\n<p><a href=\"https:\/\/iicbelgrado.esteri.it\/wp-content\/uploads\/2024\/05\/GRADUATORIA-PUBBLICA-2024-25.pdf\" target=\"_blank\" rel=\"noopener\"><strong>RANG-LISTA STIPENDISTA 2024-25<\/strong><\/a><\/p>\n","protected":false},"excerpt":{"rendered":"Ministarstvo spoljnih poslova i me\u0111unarodne saradnje Republike Italije (MAECI) nudi stipendije stranim studentima i italijanskim dr\u017eavljanima sa stalnim boravkom u inostranstvu (IRE) za akademsku 2024-2025. godinu, u cilju unapre\u0111enja kulturne, nau\u010dne i tehnolo\u0161ke saradnje i predstavljanja ekonomskog sistema Italije u svetu, kao i\u00a0 promovisanja u\u010denja italijanskog jezika i kulture (u skladu sa Zakonom 288\/55 i [&hellip;]","protected":false},"author":6,"featured_media":7698,"comment_status":"closed","ping_status":"closed","sticky":false,"template":"","format":"standard","meta":{"footnotes":""},"tags":[],"class_list":["post-7680","post","type-post","status-publish","format-standard","has-post-thumbnail","hentry"],"_links":{"self":[{"href":"https:\/\/iicbelgrado.esteri.it\/sr\/wp-json\/wp\/v2\/posts\/7680","targetHints":{"allow":["GET"]}}],"collection":[{"href":"https:\/\/iicbelgrado.esteri.it\/sr\/wp-json\/wp\/v2\/posts"}],"about":[{"href":"https:\/\/iicbelgrado.esteri.it\/sr\/wp-json\/wp\/v2\/types\/post"}],"author":[{"embeddable":true,"href":"https:\/\/iicbelgrado.esteri.it\/sr\/wp-json\/wp\/v2\/users\/6"}],"replies":[{"embeddable":true,"href":"https:\/\/iicbelgrado.esteri.it\/sr\/wp-json\/wp\/v2\/comments?post=7680"}],"version-history":[{"count":6,"href":"https:\/\/iicbelgrado.esteri.it\/sr\/wp-json\/wp\/v2\/posts\/7680\/revisions"}],"predecessor-version":[{"id":8534,"href":"https:\/\/iicbelgrado.esteri.it\/sr\/wp-json\/wp\/v2\/posts\/7680\/revisions\/8534"}],"wp:featuredmedia":[{"embeddable":true,"href":"https:\/\/iicbelgrado.esteri.it\/sr\/wp-json\/wp\/v2\/media\/7698"}],"wp:attachment":[{"href":"https:\/\/iicbelgrado.esteri.it\/sr\/wp-json\/wp\/v2\/media?parent=7680"}],"wp:term":[{"taxonomy":"post_tag","embeddable":true,"href":"https:\/\/iicbelgrado.esteri.it\/sr\/wp-json\/wp\/v2\/tags?post=7680"}],"curies":[{"name":"wp","href":"https:\/\/api.w.org\/{rel}","templated":true}]}}