{"id":7414,"date":"2024-04-22T10:30:52","date_gmt":"2024-04-22T08:30:52","guid":{"rendered":"https:\/\/iicbelgrado.esteri.it\/?p=7414"},"modified":"2024-04-22T10:32:12","modified_gmt":"2024-04-22T08:32:12","slug":"neradni-dan-povodom-praznika-3","status":"publish","type":"post","link":"https:\/\/iicbelgrado.esteri.it\/sr\/news\/dall_istituto\/2024\/04\/neradni-dan-povodom-praznika-3\/","title":{"rendered":"Neradni dan povodom praznika"},"content":{"rendered":"<p>Italijanski institut za kulturu u Beogradu ne\u0107e raditi u \u010detvrtak, 25. aprila 2024. godine povodom Dana oslobo\u0111enja.<\/p>\n","protected":false},"excerpt":{"rendered":"Italijanski institut za kulturu u Beogradu ne\u0107e raditi u \u010detvrtak, 25. aprila 2024. godine povodom Dana oslobo\u0111enja.","protected":false},"author":6,"featured_media":0,"comment_status":"closed","ping_status":"closed","sticky":false,"template":"","format":"standard","meta":{"footnotes":""},"tags":[],"class_list":["post-7414","post","type-post","status-publish","format-standard","hentry"],"_links":{"self":[{"href":"https:\/\/iicbelgrado.esteri.it\/sr\/wp-json\/wp\/v2\/posts\/7414","targetHints":{"allow":["GET"]}}],"collection":[{"href":"https:\/\/iicbelgrado.esteri.it\/sr\/wp-json\/wp\/v2\/posts"}],"about":[{"href":"https:\/\/iicbelgrado.esteri.it\/sr\/wp-json\/wp\/v2\/types\/post"}],"author":[{"embeddable":true,"href":"https:\/\/iicbelgrado.esteri.it\/sr\/wp-json\/wp\/v2\/users\/6"}],"replies":[{"embeddable":true,"href":"https:\/\/iicbelgrado.esteri.it\/sr\/wp-json\/wp\/v2\/comments?post=7414"}],"version-history":[{"count":1,"href":"https:\/\/iicbelgrado.esteri.it\/sr\/wp-json\/wp\/v2\/posts\/7414\/revisions"}],"predecessor-version":[{"id":7416,"href":"https:\/\/iicbelgrado.esteri.it\/sr\/wp-json\/wp\/v2\/posts\/7414\/revisions\/7416"}],"wp:attachment":[{"href":"https:\/\/iicbelgrado.esteri.it\/sr\/wp-json\/wp\/v2\/media?parent=7414"}],"wp:term":[{"taxonomy":"post_tag","embeddable":true,"href":"https:\/\/iicbelgrado.esteri.it\/sr\/wp-json\/wp\/v2\/tags?post=7414"}],"curies":[{"name":"wp","href":"https:\/\/api.w.org\/{rel}","templated":true}]}}