{"id":6681,"date":"2024-03-13T15:40:00","date_gmt":"2024-03-13T14:40:00","guid":{"rendered":"https:\/\/iicbelgrado.esteri.it\/?p=6681"},"modified":"2024-03-13T15:43:28","modified_gmt":"2024-03-13T14:43:28","slug":"doprinosi-institucijama-i-udruzenjima-za-kurseve-usavrsavanja-namenjene-profesorima-italijanskog-jezika-skolama-u-srbiji","status":"publish","type":"post","link":"https:\/\/iicbelgrado.esteri.it\/sr\/news\/dall_istituto\/2024\/03\/doprinosi-institucijama-i-udruzenjima-za-kurseve-usavrsavanja-namenjene-profesorima-italijanskog-jezika-skolama-u-srbiji\/","title":{"rendered":"DOPRINOSI INSTITUCIJAMA I UDRU\u017dENJIMA ZA KURSEVE USAVR\u0160AVANJA NAMENJENE PROFESORIMA ITALIJANSKOG JEZIKA \u0160KOLAMA U SRBIJI"},"content":{"rendered":"<p>I u 2024. godini \u0161kolske istitucije u Srbiji, \u0161kolska udru\u017eenja i neprofitna udru\u017eenja regulisana lokalnim zakonom, mogu da tra\u017ee od Ministarstva spoljnih poslova i me\u0111unarodne saradnje doprinose za kurseve usavr\u0161avanja namenjene profesorima italijanskog jezika u \u0161kolskim institucijama u Srbiji.<\/p>\n<p>Za vi\u0161e informacija:\u00a0<a href=\"mailto:corsilingua.iicbelgrado@esteri.it\" target=\"_blank\" rel=\"noopener\">corsilingua.iicbelgrado@<wbr \/>esteri.it<\/a><\/p>\n","protected":false},"excerpt":{"rendered":"I u 2024. godini \u0161kolske istitucije u Srbiji, \u0161kolska udru\u017eenja i neprofitna udru\u017eenja regulisana lokalnim zakonom, mogu da tra\u017ee od Ministarstva spoljnih poslova i me\u0111unarodne saradnje doprinose za kurseve usavr\u0161avanja namenjene profesorima italijanskog jezika u \u0161kolskim institucijama u Srbiji. Za vi\u0161e informacija:\u00a0corsilingua.iicbelgrado@esteri.it","protected":false},"author":6,"featured_media":0,"comment_status":"closed","ping_status":"closed","sticky":false,"template":"","format":"standard","meta":{"footnotes":""},"tags":[],"class_list":["post-6681","post","type-post","status-publish","format-standard","hentry"],"_links":{"self":[{"href":"https:\/\/iicbelgrado.esteri.it\/sr\/wp-json\/wp\/v2\/posts\/6681","targetHints":{"allow":["GET"]}}],"collection":[{"href":"https:\/\/iicbelgrado.esteri.it\/sr\/wp-json\/wp\/v2\/posts"}],"about":[{"href":"https:\/\/iicbelgrado.esteri.it\/sr\/wp-json\/wp\/v2\/types\/post"}],"author":[{"embeddable":true,"href":"https:\/\/iicbelgrado.esteri.it\/sr\/wp-json\/wp\/v2\/users\/6"}],"replies":[{"embeddable":true,"href":"https:\/\/iicbelgrado.esteri.it\/sr\/wp-json\/wp\/v2\/comments?post=6681"}],"version-history":[{"count":1,"href":"https:\/\/iicbelgrado.esteri.it\/sr\/wp-json\/wp\/v2\/posts\/6681\/revisions"}],"predecessor-version":[{"id":6684,"href":"https:\/\/iicbelgrado.esteri.it\/sr\/wp-json\/wp\/v2\/posts\/6681\/revisions\/6684"}],"wp:attachment":[{"href":"https:\/\/iicbelgrado.esteri.it\/sr\/wp-json\/wp\/v2\/media?parent=6681"}],"wp:term":[{"taxonomy":"post_tag","embeddable":true,"href":"https:\/\/iicbelgrado.esteri.it\/sr\/wp-json\/wp\/v2\/tags?post=6681"}],"curies":[{"name":"wp","href":"https:\/\/api.w.org\/{rel}","templated":true}]}}