{"id":11935,"date":"2025-02-27T10:47:34","date_gmt":"2025-02-27T09:47:34","guid":{"rendered":"https:\/\/iicbelgrado.esteri.it\/?p=11935"},"modified":"2025-02-27T10:48:35","modified_gmt":"2025-02-27T09:48:35","slug":"doprinosi-skolskim-institucijama-u-srbiji-2","status":"publish","type":"post","link":"https:\/\/iicbelgrado.esteri.it\/sr\/news\/dall_istituto\/2025\/02\/doprinosi-skolskim-institucijama-u-srbiji-2\/","title":{"rendered":"DOPRINOSI \u0160KOLSKIM INSTITUCIJAMA U SRBIJI"},"content":{"rendered":"<p>I u 2025. godini<strong>\u00a0<\/strong>zainteresovane<strong>\u00a0<\/strong>\u0161kolske institucije u Srbiji mo\u0107i \u0107e da podnesu zahtev Ministarstvu spoljnih poslova i me\u0111unarodne saradnje za doprinose namenjene promovisanju italijanskog jezika i kulture kroz uvo\u0111enje i implementaciju italijanskog jezika u nastavu (doprinosi u vidu delimi\u010dnog udela u zaradi profesora zaposlenih direktno od strane same \u0161kole sa kojom sklapaju ugovor po lokalnom zakonu).<\/p>\n<p>Za vi\u0161e informacija poslati mejl na\u00a0<strong><a href=\"mailto:corsilingua.iicbelgrado@esteri.it\">corsilingua.iicbelgrado@esteri.it<\/a>.<\/strong><\/p>\n","protected":false},"excerpt":{"rendered":"I u 2025. godini\u00a0zainteresovane\u00a0\u0161kolske institucije u Srbiji mo\u0107i \u0107e da podnesu zahtev Ministarstvu spoljnih poslova i me\u0111unarodne saradnje za doprinose namenjene promovisanju italijanskog jezika i kulture kroz uvo\u0111enje i implementaciju italijanskog jezika u nastavu (doprinosi u vidu delimi\u010dnog udela u zaradi profesora zaposlenih direktno od strane same \u0161kole sa kojom sklapaju ugovor po lokalnom zakonu). [&hellip;]","protected":false},"author":7,"featured_media":0,"comment_status":"closed","ping_status":"closed","sticky":false,"template":"","format":"standard","meta":{"footnotes":""},"tags":[],"class_list":["post-11935","post","type-post","status-publish","format-standard","hentry"],"_links":{"self":[{"href":"https:\/\/iicbelgrado.esteri.it\/sr\/wp-json\/wp\/v2\/posts\/11935","targetHints":{"allow":["GET"]}}],"collection":[{"href":"https:\/\/iicbelgrado.esteri.it\/sr\/wp-json\/wp\/v2\/posts"}],"about":[{"href":"https:\/\/iicbelgrado.esteri.it\/sr\/wp-json\/wp\/v2\/types\/post"}],"author":[{"embeddable":true,"href":"https:\/\/iicbelgrado.esteri.it\/sr\/wp-json\/wp\/v2\/users\/7"}],"replies":[{"embeddable":true,"href":"https:\/\/iicbelgrado.esteri.it\/sr\/wp-json\/wp\/v2\/comments?post=11935"}],"version-history":[{"count":1,"href":"https:\/\/iicbelgrado.esteri.it\/sr\/wp-json\/wp\/v2\/posts\/11935\/revisions"}],"predecessor-version":[{"id":11939,"href":"https:\/\/iicbelgrado.esteri.it\/sr\/wp-json\/wp\/v2\/posts\/11935\/revisions\/11939"}],"wp:attachment":[{"href":"https:\/\/iicbelgrado.esteri.it\/sr\/wp-json\/wp\/v2\/media?parent=11935"}],"wp:term":[{"taxonomy":"post_tag","embeddable":true,"href":"https:\/\/iicbelgrado.esteri.it\/sr\/wp-json\/wp\/v2\/tags?post=11935"}],"curies":[{"name":"wp","href":"https:\/\/api.w.org\/{rel}","templated":true}]}}