{"id":11304,"date":"2024-12-19T14:52:46","date_gmt":"2024-12-19T13:52:46","guid":{"rendered":"https:\/\/iicbelgrado.esteri.it\/?p=11304"},"modified":"2024-12-23T13:09:59","modified_gmt":"2024-12-23T12:09:59","slug":"neradni-dani-povodom-praznika","status":"publish","type":"post","link":"https:\/\/iicbelgrado.esteri.it\/sr\/news\/dall_istituto\/2024\/12\/neradni-dani-povodom-praznika\/","title":{"rendered":"Neradni dani povodom praznika"},"content":{"rendered":"<p>Povodom predstoje\u0107ih praznika, obave\u0161tavamo vas da Italijanski institut za kulturu u Beogradu ne\u0107e raditi 25. i 26. decembra 2024, kao ni 1, 6. i 7. januara 2025. godine.<\/p>\n<p>Biblioteka Instituta ne\u0107e raditi od 25. decembra 2024. do 7. januara 2025.<\/p>\n","protected":false},"excerpt":{"rendered":"Povodom predstoje\u0107ih praznika, obave\u0161tavamo vas da Italijanski institut za kulturu u Beogradu ne\u0107e raditi 25. i 26. decembra 2024, kao ni 1, 6. i 7. januara 2025. godine. Biblioteka Instituta ne\u0107e raditi od 25. decembra 2024. do 7. januara 2025.","protected":false},"author":6,"featured_media":0,"comment_status":"closed","ping_status":"closed","sticky":false,"template":"","format":"standard","meta":{"footnotes":""},"tags":[],"class_list":["post-11304","post","type-post","status-publish","format-standard","hentry"],"_links":{"self":[{"href":"https:\/\/iicbelgrado.esteri.it\/sr\/wp-json\/wp\/v2\/posts\/11304","targetHints":{"allow":["GET"]}}],"collection":[{"href":"https:\/\/iicbelgrado.esteri.it\/sr\/wp-json\/wp\/v2\/posts"}],"about":[{"href":"https:\/\/iicbelgrado.esteri.it\/sr\/wp-json\/wp\/v2\/types\/post"}],"author":[{"embeddable":true,"href":"https:\/\/iicbelgrado.esteri.it\/sr\/wp-json\/wp\/v2\/users\/6"}],"replies":[{"embeddable":true,"href":"https:\/\/iicbelgrado.esteri.it\/sr\/wp-json\/wp\/v2\/comments?post=11304"}],"version-history":[{"count":4,"href":"https:\/\/iicbelgrado.esteri.it\/sr\/wp-json\/wp\/v2\/posts\/11304\/revisions"}],"predecessor-version":[{"id":11326,"href":"https:\/\/iicbelgrado.esteri.it\/sr\/wp-json\/wp\/v2\/posts\/11304\/revisions\/11326"}],"wp:attachment":[{"href":"https:\/\/iicbelgrado.esteri.it\/sr\/wp-json\/wp\/v2\/media?parent=11304"}],"wp:term":[{"taxonomy":"post_tag","embeddable":true,"href":"https:\/\/iicbelgrado.esteri.it\/sr\/wp-json\/wp\/v2\/tags?post=11304"}],"curies":[{"name":"wp","href":"https:\/\/api.w.org\/{rel}","templated":true}]}}